{"id":47,"date":"2019-11-06T22:16:17","date_gmt":"2019-11-07T00:16:17","guid":{"rendered":"http:\/\/logstadt.com.br\/2020\/?p=47"},"modified":"2019-11-06T22:16:17","modified_gmt":"2019-11-07T00:16:17","slug":"brf-antecipa-retomada-de-producao-em-carambei-surpresa-positiva-diz-sindicato","status":"publish","type":"post","link":"https:\/\/logstadt.com.br\/2020\/2019\/11\/06\/brf-antecipa-retomada-de-producao-em-carambei-surpresa-positiva-diz-sindicato\/","title":{"rendered":"BRF antecipa retomada de produ\u00e7\u00e3o em Carambe\u00ed; &#8216;surpresa positiva&#8217;, diz sindicato"},"content":{"rendered":"\n<p class=\"wp-block-paragraph\">A empresa BRF antecipou em dois meses o t\u00e9rmino do lay-off&nbsp;<a href=\"https:\/\/www.bemparana.com.br\/noticia\/brf-suspendera-producao-de-frangos-em-carambei-90-eram-exportados-para-paises-arabes#.XUtGEfJKjIU\" target=\"_blank\" rel=\"noreferrer noopener\">anunciado em maio<\/a>&nbsp;para\n a planta de Carambe\u00ed,&nbsp;na regi\u00e3o do Campos Gerais do Paran\u00e1, a 135 \nquil\u00f4metros de Curitiba. Com isso, a BRF afirma que j\u00e1 deu in\u00edcio a \nincuba\u00e7\u00e3o dos ovos \u2013 primeira etapa do processo de cria\u00e7\u00e3o das aves, \nprincipal produto de exporta\u00e7\u00e3o da planta. Nesta semana, a empresa \niniciou o envio dos primeiros lotes de pintinhos ao campo. De acordo com\n a&nbsp;BRF,&nbsp;cerca de 24 produtores integrados est\u00e3o recebendo \naproximadamente 1 milh\u00e3o de aves, que estar\u00e3o com o peso adequado para o\n abate em 28 dias.<\/p>\n\n\n\n<p class=\"wp-block-paragraph\">A atividade industrial de Carambe\u00ed retornar\u00e1 em 2 de setembro com \nretomada de duas linhas de frango da planta. A terceira linha de \nprodu\u00e7\u00e3o&nbsp;deve voltar&nbsp;a operar em outubro, completando o pleno \nfuncionamento da unidade. \u201cEsse per\u00edodo foi importante para normalizar \nos estoques da companhia e otimizar a gest\u00e3o da oferta para assegurar o \nequil\u00edbrio do nosso sistema produtivo\u201d, afirmou via assessoria Rubens \nModena, diretor regional do Paran\u00e1 da BRF, sobre o per\u00edodo de lay-off.<\/p>\n\n\n\n<p class=\"wp-block-paragraph\">De acordo com a empresa, durante este per\u00edodo, cerca de 1 \nmil&nbsp;funcion\u00e1rios que atuam na unidade receberam capacita\u00e7\u00e3o em parceria \ncom a Associa\u00e7\u00e3o Comercial, Industrial e Empresarial de Ponta Grossa \n(ACIPG). Na grade do curso, foram abordados temas como Boa Pr\u00e1ticas de \nFabrica\u00e7\u00e3o, Seguran\u00e7a Alimentar, Lideran\u00e7a, Compliance, Gest\u00e3o \nAmbiental, Finan\u00e7as Pessoais, entre outros.<\/p>\n\n\n\n<p class=\"wp-block-paragraph\">A empresa afirma que \u00e9 importante ressaltar &#8220;uma boa avalia\u00e7\u00e3o dos \ncolaboradores para com o curso de capacita\u00e7\u00e3o e os mesmos est\u00e3o \nretornando as atividades bastante motivados e com maiores \nconhecimentos&#8221;.<\/p>\n\n\n\n<p class=\"wp-block-paragraph\"><strong>&#8220;Surpresa positiva&#8221;, diz sindicato<\/strong><\/p>\n\n\n\n<p class=\"wp-block-paragraph\">De acordo com o secret\u00e1rio-geral do Sindicato dos Trabalhadores da \nInd\u00fastria de Alimenta\u00e7\u00e3o de Carambe\u00ed e Regi\u00e3o,&nbsp;Wagner do Nascimento \nRodrigues, a empresa cumpriu o acordo fechado em maio integralmente. \n&#8220;Para n\u00f3s foi uma surpresa positiva. Foram tr\u00eas meses de lay-off, menos \nque o previsto, e alguns (funcion\u00e1rios) ficaram s\u00f3 dois meses, o \nrestante volta no fim de agosto. Alguns s\u00f3 anteciparam f\u00e9rias. Ent\u00e3o, a \nempresa j\u00e1 vai come\u00e7ar a incuba\u00e7\u00e3o de frango e tudo indica que volta a \nprodu\u00e7\u00e3o total em setembro&#8221;, aponta o sindicalista.<\/p>\n\n\n\n<p class=\"wp-block-paragraph\">Rodrigues afirma que n\u00e3o houve preju\u00edzo aos cerca de 1 mil \nfuncion\u00e1rios. &#8220;N\u00e3o teve preju\u00edzo aos trabalhadores porque houve \nnegocia\u00e7\u00e3o durante o processo, com participa\u00e7\u00e3o do Minist\u00e9rio P\u00fablico, e\n tudo que foi definido na negocia\u00e7\u00e3o foi atendido&#8221;, afirma.<\/p>\n\n\n\n<p class=\"wp-block-paragraph\">Sobre os motivos da paralisa\u00e7\u00e3o das atividades da f\u00e1brica, Rodrigues \nafirma que a informa\u00e7\u00e3o que chegou aos trabalhadores foi de que ocorreu \nem raz\u00e3o da nova postura do governo federal em rela\u00e7\u00e3o \u00e0 pol\u00edcia \nexterna. &#8220;Para n\u00f3s o que chegou foi que havia estoques elevados e falta \nde certezas sobre exporta\u00e7\u00f5es ao mercado de pa\u00edses \u00e1rabes mu\u00e7ulmanos, \npor causa da aproxima\u00e7\u00e3o recente do governo brasileiro do Estado de \nisrael e consequente afastamento de parte do mercado mu\u00e7ulmano. Como a \nplanta (Carambe\u00ed) \u00e9 muito dependente do mercado mu\u00e7ulmano, \nperincipalmente agora no Ramad\u00e3, muitos os pedidos n\u00e3o foram feitos e \nsobrou estoque&#8221;, avalia.&nbsp;<\/p>\n\n\n\n<p class=\"wp-block-paragraph\"><strong>Excesso de estoque<\/strong><\/p>\n\n\n\n<p class=\"wp-block-paragraph\">Em maio, a dire\u00e7\u00e3o da BRF, uma das maiores empresas brasileiras de \nalimentos, comunicou aos funcion\u00e1rios da planta de Carambe\u00ed, que \npretendia suspender a produ\u00e7\u00e3o por 60 dias, a partir de junho. A empresa\n justificou excesso de estoques e baixa demanda. A suspens\u00e3o da produ\u00e7\u00e3o\n poderia chegar a at\u00e9 cinco meses, per\u00edodo m\u00e1ximo previsto em lei para \nque os funcion\u00e1rios permane\u00e7am em regime de Lay Off (que \u00e9 suspens\u00e3o \ntempor\u00e1ria do contrato de trabalho). O retorno, por\u00e9m, foi antecipado. \nNo per\u00edodo, os funcion\u00e1rios receberam uma bolsa qualifica\u00e7\u00e3o pelo Fundo \nde Amparo ao Trabalhador.<\/p>\n\n\n\n<p class=\"wp-block-paragraph\">O sindicato dos funcion\u00e1rios acredita que o excesso de estoque \nalegado pela empresa ocorreu em raz\u00e3o de uma mudan\u00e7a de comportamento no\n mercado de pa\u00edses de maioria mu\u00e7ulmana, principal importador de frangos\n da planta.&nbsp;Em Carambe\u00ed, 90% da produ\u00e7\u00e3o era vendida para pa\u00edses de \nmaioria da popula\u00e7\u00e3o mu\u00e7ulmana. A empresa, inclusive, realiza o chamado \n&#8220;abate Halal&#8221;, que segue preceitos mu\u00e7ulmanos. Havia expectativa de que \nap\u00f3s o Ramad\u00e3, em maio, como em todos os anos, as exporta\u00e7\u00f5es para \npa\u00edses \u00e1rabes aumentassem, o que n\u00e3o teria ocorrido. Em 2019, o Ramad\u00e3 \nfoi de 6 de maio a 4 de junho.<\/p>\n\n\n\n<p class=\"wp-block-paragraph\">&#8220;A unidade de Carambe\u00ed, no Paran\u00e1, como a de Francisco Beltr\u00e3o e Dois\n Vizinhos, tem uma peculiaridade que \u00e9 o abate Halal. \u00c9 uma exig\u00eancia \npara a as empresas do setor frigor\u00edfico que exportam para pa\u00edses de \nmaioria mu\u00e7ulmana. A linha de produ\u00e7\u00e3o tem que ser em dire\u00e7\u00e3o a Meca, \nquem faz a sangria tem que ser de uma religi\u00e3o monote\u00edsta O que nos \ncausa preocupa\u00e7\u00e3o e n\u00e3o acreditamos que seja uma coincid\u00eancia, \u00e9 que \ndesde o momento que houve uma mudan\u00e7a no governo federal houve uma \naproxima\u00e7\u00e3o tamb\u00e9m com Israel, em um primeiro momento falando em mudan\u00e7a\n de Embaixada (de&nbsp;Tel Aviv) para Jerusal\u00e9m, e em um segundo momento \nabrindo um escrit\u00f3rio em Jerusal\u00e9m, terra sagrada para tr\u00eas grandes \nreligi\u00f5es, isso causou um mal estar na comunidade mu\u00e7ulmana&#8221;, deduziu na\n \u00e9poca o&nbsp;secret\u00e1rio do sindicato dos trabalhadores, Wagner Rodrigues.&nbsp;<\/p>\n\n\n\n<p class=\"wp-block-paragraph\">A planta de Carambe\u00ed conta com 1,5 mil funcion\u00e1rios. Desses,&nbsp;1,2 \nmil&nbsp;foram&nbsp;dispensados em junho. Em setembro, todos devem retornar \u00e0s \natividades.&nbsp;<\/p>\n","protected":false},"excerpt":{"rendered":"A empresa BRF antecipou em dois meses o t\u00e9rmino do lay-off&nbsp;anunciado em maio&nbsp;para a planta de Carambe\u00ed,&nbsp;na regi\u00e3o do Campos Gerais do Paran\u00e1, \n<a class=\"moretag\" href=\"https:\/\/logstadt.com.br\/2020\/2019\/11\/06\/brf-antecipa-retomada-de-producao-em-carambei-surpresa-positiva-diz-sindicato\/\"> [...]<\/a>","protected":false},"author":1,"featured_media":48,"comment_status":"open","ping_status":"open","sticky":false,"template":"","format":"standard","meta":{"footnotes":""},"categories":[4],"tags":[],"class_list":["post-47","post","type-post","status-publish","format-standard","has-post-thumbnail","hentry","category-noticias"],"_links":{"self":[{"href":"https:\/\/logstadt.com.br\/2020\/wp-json\/wp\/v2\/posts\/47","targetHints":{"allow":["GET"]}}],"collection":[{"href":"https:\/\/logstadt.com.br\/2020\/wp-json\/wp\/v2\/posts"}],"about":[{"href":"https:\/\/logstadt.com.br\/2020\/wp-json\/wp\/v2\/types\/post"}],"author":[{"embeddable":true,"href":"https:\/\/logstadt.com.br\/2020\/wp-json\/wp\/v2\/users\/1"}],"replies":[{"embeddable":true,"href":"https:\/\/logstadt.com.br\/2020\/wp-json\/wp\/v2\/comments?post=47"}],"version-history":[{"count":1,"href":"https:\/\/logstadt.com.br\/2020\/wp-json\/wp\/v2\/posts\/47\/revisions"}],"predecessor-version":[{"id":49,"href":"https:\/\/logstadt.com.br\/2020\/wp-json\/wp\/v2\/posts\/47\/revisions\/49"}],"wp:featuredmedia":[{"embeddable":true,"href":"https:\/\/logstadt.com.br\/2020\/wp-json\/wp\/v2\/media\/48"}],"wp:attachment":[{"href":"https:\/\/logstadt.com.br\/2020\/wp-json\/wp\/v2\/media?parent=47"}],"wp:term":[{"taxonomy":"category","embeddable":true,"href":"https:\/\/logstadt.com.br\/2020\/wp-json\/wp\/v2\/categories?post=47"},{"taxonomy":"post_tag","embeddable":true,"href":"https:\/\/logstadt.com.br\/2020\/wp-json\/wp\/v2\/tags?post=47"}],"curies":[{"name":"wp","href":"https:\/\/api.w.org\/{rel}","templated":true}]}}