{"id":42,"date":"2019-11-06T22:12:48","date_gmt":"2019-11-07T00:12:48","guid":{"rendered":"http:\/\/logstadt.com.br\/2020\/?p=42"},"modified":"2019-11-06T22:13:41","modified_gmt":"2019-11-07T00:13:41","slug":"audiencia-sobre-tributacao-estadual-acontece-na-acipg","status":"publish","type":"post","link":"https:\/\/logstadt.com.br\/2020\/2019\/11\/06\/audiencia-sobre-tributacao-estadual-acontece-na-acipg\/","title":{"rendered":"Audi\u00eancia sobre tributa\u00e7\u00e3o estadual acontece na ACIPG"},"content":{"rendered":"\n<p class=\"wp-block-paragraph\">\n\tA audi\u00eancia \u00e9 realizada por diversas institui\u00e7\u00f5es, entre elas a \nFedera\u00e7\u00e3o das Associa\u00e7\u00f5es Comerciais e Empresariais do Estado do Paran\u00e1 \n(FACIAP), ACIPG, Sistema FIEP e Sindicato das Empresas de Servi\u00e7os \nCont\u00e1beis e das Empresas de Assessoramento, Per\u00edcias, Informa\u00e7\u00f5es e \nPesquisas no Estado do Paran\u00e1 (SESCAP) \u2013 Campos Gerais e a Thomson \nReuters.<\/p>\n\n\n\n<div class=\"wp-block-image\"><figure class=\"alignleft is-resized\"><img loading=\"lazy\" decoding=\"async\" src=\"http:\/\/logstadt.com.br\/2020\/wp-content\/uploads\/2019\/11\/79172.jpg\" alt=\"\" class=\"wp-image-43\" width=\"378\" height=\"209\" srcset=\"https:\/\/logstadt.com.br\/2020\/wp-content\/uploads\/2019\/11\/79172.jpg 591w, https:\/\/logstadt.com.br\/2020\/wp-content\/uploads\/2019\/11\/79172-300x165.jpg 300w\" sizes=\"auto, (max-width: 378px) 100vw, 378px\" \/><\/figure><\/div>\n\n\n\n<p class=\"wp-block-paragraph\">Acontece na Associa\u00e7\u00e3o Comercial,  Industrial e Empresarial de Ponta Grossa nesta quinta-feira (8), \u00e0s 19  horas, uma audi\u00eancia p\u00fablica denominada como \u201cParan\u00e1 Empreendedor \u2013 Uma  nova perspectiva sobre a substitui\u00e7\u00e3o tribut\u00e1ria do ICMS\u201d. O evento  contar\u00e1 com a presen\u00e7a do deputado estadual Subtenente Everton (PSL) que  apresentar\u00e1 um modelo de desburocratiza\u00e7\u00e3o do sistema de Substitui\u00e7\u00e3o  Tribut\u00e1ria (ST).<\/p>\n\n\n\n<p class=\"wp-block-paragraph\">\n\tNo evento ser\u00e1 debatida a desburocratiza\u00e7\u00e3o do sistema de Substitui\u00e7\u00e3o \nTribut\u00e1ria (ST), que \u00e9 um dos objetivos da cria\u00e7\u00e3o do Comit\u00ea permanente \ncriado na Assembleia Legislativa do Paran\u00e1 (Alep) no dia 2 de julho, com\n o objetivo de revisar e simplificar a legisla\u00e7\u00e3o praticada atualmente \nno estado do Paran\u00e1.<\/p>\n\n\n\n<p class=\"wp-block-paragraph\">\n\tDe acordo com especialistas, a forma atual de antecipa\u00e7\u00e3o do ST \u00e9 \nonerosa para o empresariado, aumenta os custos de produ\u00e7\u00e3o e gera \nproblemas de estoque. A proposi\u00e7\u00e3o do grupo de trabalho de autoria do \ndeputado Subtenente Everton levar\u00e1 a discuss\u00e3o para outras cidades al\u00e9m \nde Ponta Grossa.<\/p>\n\n\n\n<p class=\"wp-block-paragraph\">\n\tO regime de substitui\u00e7\u00e3o tribut\u00e1ria est\u00e1 previsto na Constitui\u00e7\u00e3o \nFederal de 1988 e estabelece que uma terceira pessoa assuma a obriga\u00e7\u00e3o \ntribut\u00e1ria em lugar do contribuinte natural. Em outras palavras, o \nregime consiste na cobran\u00e7a do imposto devido em opera\u00e7\u00f5es subsequentes,\n antes da ocorr\u00eancia do fato gerador, antes de uma posterior sa\u00edda ou \ncircula\u00e7\u00e3o da mercadoria.<\/p>\n\n\n\n<p class=\"wp-block-paragraph\">\n\tEdison Garcia J\u00fanior, coordenador t\u00e9cnico tribut\u00e1rio do Comit\u00ea, comenta\n que \u00e9 o momento para se discutir a situa\u00e7\u00e3o tribut\u00e1ria do estado e que \noutras audi\u00eancias j\u00e1 acontecem em outros munic\u00edpios do Paran\u00e1. \n\u201cConclu\u00eddas as audi\u00eancias p\u00fablicas, vamos apresentar diversos pontos \ndesta reformula\u00e7\u00e3o. Nenhum empres\u00e1rio aguenta arcar com o \u00f4nus \ntribut\u00e1rio que temos. \u00c9 o momento de mudarmos a legisla\u00e7\u00e3o do estado do \nParan\u00e1\u201d, finaliza Garcia J\u00fanior.&nbsp;<\/p>\n","protected":false},"excerpt":{"rendered":"A audi\u00eancia \u00e9 realizada por diversas institui\u00e7\u00f5es, entre elas a Federa\u00e7\u00e3o das Associa\u00e7\u00f5es Comerciais e Empresariais do Estado do Paran\u00e1 (FACIAP), ACIPG, Sistema \n<a class=\"moretag\" href=\"https:\/\/logstadt.com.br\/2020\/2019\/11\/06\/audiencia-sobre-tributacao-estadual-acontece-na-acipg\/\"> [...]<\/a>","protected":false},"author":1,"featured_media":43,"comment_status":"open","ping_status":"open","sticky":false,"template":"","format":"standard","meta":{"footnotes":""},"categories":[1],"tags":[],"class_list":["post-42","post","type-post","status-publish","format-standard","has-post-thumbnail","hentry","category-sem-categoria"],"_links":{"self":[{"href":"https:\/\/logstadt.com.br\/2020\/wp-json\/wp\/v2\/posts\/42","targetHints":{"allow":["GET"]}}],"collection":[{"href":"https:\/\/logstadt.com.br\/2020\/wp-json\/wp\/v2\/posts"}],"about":[{"href":"https:\/\/logstadt.com.br\/2020\/wp-json\/wp\/v2\/types\/post"}],"author":[{"embeddable":true,"href":"https:\/\/logstadt.com.br\/2020\/wp-json\/wp\/v2\/users\/1"}],"replies":[{"embeddable":true,"href":"https:\/\/logstadt.com.br\/2020\/wp-json\/wp\/v2\/comments?post=42"}],"version-history":[{"count":3,"href":"https:\/\/logstadt.com.br\/2020\/wp-json\/wp\/v2\/posts\/42\/revisions"}],"predecessor-version":[{"id":46,"href":"https:\/\/logstadt.com.br\/2020\/wp-json\/wp\/v2\/posts\/42\/revisions\/46"}],"wp:featuredmedia":[{"embeddable":true,"href":"https:\/\/logstadt.com.br\/2020\/wp-json\/wp\/v2\/media\/43"}],"wp:attachment":[{"href":"https:\/\/logstadt.com.br\/2020\/wp-json\/wp\/v2\/media?parent=42"}],"wp:term":[{"taxonomy":"category","embeddable":true,"href":"https:\/\/logstadt.com.br\/2020\/wp-json\/wp\/v2\/categories?post=42"},{"taxonomy":"post_tag","embeddable":true,"href":"https:\/\/logstadt.com.br\/2020\/wp-json\/wp\/v2\/tags?post=42"}],"curies":[{"name":"wp","href":"https:\/\/api.w.org\/{rel}","templated":true}]}}