{"id":115,"date":"2019-12-18T14:19:54","date_gmt":"2019-12-18T16:19:54","guid":{"rendered":"http:\/\/logstadt.com.br\/2020\/?p=115"},"modified":"2019-12-18T14:19:54","modified_gmt":"2019-12-18T16:19:54","slug":"alexandre-garcia-gazeta-do-povo","status":"publish","type":"post","link":"https:\/\/logstadt.com.br\/2020\/2019\/12\/18\/alexandre-garcia-gazeta-do-povo\/","title":{"rendered":"Alexandre Garcia &#8211; Gazeta do Povo"},"content":{"rendered":"\n<p class=\"has-medium-font-size wp-block-paragraph\"><strong>Sinal dos Tempos<\/strong><\/p>\n\n\n\n<p class=\"has-medium-font-size wp-block-paragraph\">\u201cCome\u00e7ou dezembro. Come\u00e7ou o fim do ano. E vai terminando o primeiro ano do novo governo. O que fica?<\/p>\n\n\n\n<p class=\"has-medium-font-size wp-block-paragraph\">Taxa b\u00e1sica de juros a mais baixa da hist\u00f3ria da Selic. Infla\u00e7\u00e3o abaixo da meta. Contas externas equilibradas. Recupera\u00e7\u00e3o da maior recess\u00e3o da hist\u00f3ria. <\/p>\n\n\n\n<p class=\"has-medium-font-size wp-block-paragraph\">Ainda endividamento p\u00fablico alt\u00edssimo, por causa de um estado gord\u00edssimo. <\/p>\n\n\n\n<p class=\"has-medium-font-size wp-block-paragraph\">Reforma da Previd\u00eancia feita, mas reformas tribut\u00e1ria e administrativa ainda por fazer. Pacote anticrime e pris\u00e3o em segunda inst\u00e2ncia ainda por fazer, deixando a impunidade como presente de Natal para assaltantes, corruptos e bandidos em geral.<\/p>\n\n\n\n<p class=\"has-medium-font-size wp-block-paragraph\">As iniciativas do presidente, promessas de campanha, ainda esbarram na lentid\u00e3o do Legislativo, preso a uma cultura que demora a se atualizar.  <\/p>\n\n\n\n<p class=\"has-medium-font-size wp-block-paragraph\">Mas a cultura de um novo Brasil j\u00e1 derrubou os homic\u00eddios pelo empoderamento das leis e da pol\u00edcia. <\/p>\n\n\n\n<p class=\"has-medium-font-size wp-block-paragraph\">Ningu\u00e9m mais meteu a m\u00e3o na Petrobr\u00e1s, ou dos fundos dos Correios, ou no Banco do Brasil e na Caixa Econ\u00f4mica. N\u00e3o precisa de aval do l\u00edder do PT para fechar neg\u00f3cio com a Petrobras.<\/p>\n\n\n\n<p class=\"has-medium-font-size wp-block-paragraph\">O BNDES voltou a ser banco nacional e n\u00e3o internacional para financiamento de ditaduras amigas. <\/p>\n\n\n\n<p class=\"has-medium-font-size wp-block-paragraph\">Estradas intermin\u00e1veis por aditamentos contratuais agora s\u00e3o conclu\u00eddas pelos batalh\u00f5es de engenharia do Ex\u00e9rcito e atoladouros foram convertidos de asfalto bem constru\u00eddo. <\/p>\n\n\n\n<p class=\"has-medium-font-size wp-block-paragraph\">A divis\u00e3o de poderes, caracter\u00edstica da democracia, retornou ao sonho de Montesquieu: o Executivo n\u00e3o se mete no Judici\u00e1rio nem no Legislativo e os respeita. <\/p>\n\n\n\n<p class=\"has-medium-font-size wp-block-paragraph\">Mas quem manda em minist\u00e9rio \u00e9 o chefe do Executivo e n\u00e3o os chefes de partidos pol\u00edticos.<\/p>\n\n\n\n<p class=\"has-medium-font-size wp-block-paragraph\">A pol\u00edtica externa se move pelo pragmatismo, entre Estados Unidos e China, entre \u00e1rabes e israelenses, entre Mercosul e Uni\u00e3o Europeia. <\/p>\n\n\n\n<p class=\"has-medium-font-size wp-block-paragraph\">O interesse \u00e9 o do Brasil, n\u00e3o de ideologia velha e fracassada, como a que inventava o Mais M\u00e9dicos para financiar a ditadura sessentona. <\/p>\n\n\n\n<p class=\"has-medium-font-size wp-block-paragraph\">Embaixadas deixam de ser diret\u00f3rios partid\u00e1rios, como a que abrigou Zelaya em Honduras.<\/p>\n\n\n\n<p class=\"has-medium-font-size wp-block-paragraph\">N\u00e3o se compram jornais, como quando estourou o mensal\u00e3o e se pretendia alugar a omiss\u00e3o ao custo de um punhado de publicidade com os impostos de todos. <\/p>\n\n\n\n<p class=\"has-medium-font-size wp-block-paragraph\">N\u00e3o se conseguiu ainda deixar escolas sem partido, universidades federais sem a velha ideologia falida \u2013 esse ser\u00e1 um resgate demorado, num deserto de ideias, in\u00e7ado por ra\u00edzes de maus frutos.<\/p>\n\n\n\n<p class=\"has-medium-font-size wp-block-paragraph\">Governo conservador nos costumes e liberal na economia. F\u00f3rmula de fortalecimento moral de um pa\u00eds que aspira a ordem que leva ao progresso. De outro, a liberdade econ\u00f4mica, que gera pesquisa, trabalho, tecnologia, produtividade e distribui\u00e7\u00e3o da renda pela m\u00e3o invis\u00edvel do mercado.<\/p>\n\n\n\n<p class=\"has-medium-font-size wp-block-paragraph\">Tamb\u00e9m foi um ano de choro e ranger de dentes dos derrotados, que vivem de disse-me-disse, como candinhas lavadeiras. <\/p>\n\n\n\n<p class=\"has-medium-font-size wp-block-paragraph\">A milit\u00e2ncia agarra-se a novas matrizes, inventadas pela orfandade da esquerda americana, depois do fim da m\u00e3e Kremlin. Seus porta-vozes agitam bandeiras ex\u00f3ticas que empalidecem, divorciadas dos brasileiros que j\u00e1 n\u00e3o aguentam tanto engodo. Tudo isso pode ser sinal do fim de d\u00e9cadas de desmonte de valores nacionais, familiares e pessoais. E pren\u00fancio da alvorada de novos  tempos.&#8221;<\/p>\n\n\n\n<p class=\"wp-block-paragraph\"><strong>Extra\u00eddo de:<\/strong>   <a href=\"https:\/\/www.gazetadopovo.com.br\/vozes\/alexandre-garcia\/sinal-dos-tempos\/\">https:\/\/www.gazetadopovo.com.br\/vozes\/alexandre-garcia\/sinal-dos-tempos\/<\/a> <\/p>\n","protected":false},"excerpt":{"rendered":"Sinal dos Tempos \u201cCome\u00e7ou dezembro. Come\u00e7ou o fim do ano. E vai terminando o primeiro ano do novo governo. O que fica? Taxa \n<a class=\"moretag\" href=\"https:\/\/logstadt.com.br\/2020\/2019\/12\/18\/alexandre-garcia-gazeta-do-povo\/\"> [...]<\/a>","protected":false},"author":1,"featured_media":117,"comment_status":"open","ping_status":"open","sticky":false,"template":"","format":"standard","meta":{"footnotes":""},"categories":[1],"tags":[],"class_list":["post-115","post","type-post","status-publish","format-standard","has-post-thumbnail","hentry","category-sem-categoria"],"_links":{"self":[{"href":"https:\/\/logstadt.com.br\/2020\/wp-json\/wp\/v2\/posts\/115","targetHints":{"allow":["GET"]}}],"collection":[{"href":"https:\/\/logstadt.com.br\/2020\/wp-json\/wp\/v2\/posts"}],"about":[{"href":"https:\/\/logstadt.com.br\/2020\/wp-json\/wp\/v2\/types\/post"}],"author":[{"embeddable":true,"href":"https:\/\/logstadt.com.br\/2020\/wp-json\/wp\/v2\/users\/1"}],"replies":[{"embeddable":true,"href":"https:\/\/logstadt.com.br\/2020\/wp-json\/wp\/v2\/comments?post=115"}],"version-history":[{"count":3,"href":"https:\/\/logstadt.com.br\/2020\/wp-json\/wp\/v2\/posts\/115\/revisions"}],"predecessor-version":[{"id":119,"href":"https:\/\/logstadt.com.br\/2020\/wp-json\/wp\/v2\/posts\/115\/revisions\/119"}],"wp:featuredmedia":[{"embeddable":true,"href":"https:\/\/logstadt.com.br\/2020\/wp-json\/wp\/v2\/media\/117"}],"wp:attachment":[{"href":"https:\/\/logstadt.com.br\/2020\/wp-json\/wp\/v2\/media?parent=115"}],"wp:term":[{"taxonomy":"category","embeddable":true,"href":"https:\/\/logstadt.com.br\/2020\/wp-json\/wp\/v2\/categories?post=115"},{"taxonomy":"post_tag","embeddable":true,"href":"https:\/\/logstadt.com.br\/2020\/wp-json\/wp\/v2\/tags?post=115"}],"curies":[{"name":"wp","href":"https:\/\/api.w.org\/{rel}","templated":true}]}}